{"id":51143,"date":"2022-06-15T16:44:12","date_gmt":"2022-06-15T16:44:12","guid":{"rendered":"https:\/\/itsnotaboutme.tv\/news\/?p=51143"},"modified":"2022-06-15T16:44:12","modified_gmt":"2022-06-15T16:44:12","slug":"theatre-andre-dorine","status":"publish","type":"post","link":"https:\/\/itsnotaboutme.tv\/news\/theatre-andre-dorine\/","title":{"rendered":"THEATRE: ANDR\u00c9 &#038; DORINE"},"content":{"rendered":"<h1>ANDR\u00c9 &amp; DORINE<\/h1>\n<p>I first saw the award-winning international hit play from Spain&#8217;s Kulunka Teatro, <em>Andr\u00e9 &amp;\u00a0Dorine<\/em>, seven years ago, and declared it to be one of the best theatrical presentations I&#8217;ve ever seen. Upon the second viewing this past week-end, that assessment still stands.<\/p>\n<p>So I&#8217;m thrilled that my fellow Angelenos are getting this very rare but brief opportunity again. You have only tonight through Sunday to see it, so I suggest you rush to get tickets at The Los Angeles Theatre Center downtown right this very moment!<\/p>\n<div id=\"attachment_51141\" style=\"width: 712px\" class=\"wp-caption alignleft\"><a href=\"https:\/\/itsnotaboutme.tv\/news\/wp-content\/uploads\/2022\/06\/andreddorine-hd-ccc-0025-photo-by-svend-andersen-scaled-2-e1655271002442.jpg\"><img loading=\"lazy\" decoding=\"async\" aria-describedby=\"caption-attachment-51141\" class=\"size-large wp-image-51141\" src=\"https:\/\/itsnotaboutme.tv\/news\/wp-content\/uploads\/2022\/06\/andreddorine-hd-ccc-0025-photo-by-svend-andersen-scaled-2-e1655271002442-1024x480.jpg\" alt=\"Photo by Svend-Andersen.\" width=\"702\" height=\"329\" srcset=\"https:\/\/itsnotaboutme.tv\/news\/wp-content\/uploads\/2022\/06\/andreddorine-hd-ccc-0025-photo-by-svend-andersen-scaled-2-e1655271002442-1024x480.jpg 1024w, https:\/\/itsnotaboutme.tv\/news\/wp-content\/uploads\/2022\/06\/andreddorine-hd-ccc-0025-photo-by-svend-andersen-scaled-2-e1655271002442-300x140.jpg 300w\" sizes=\"auto, (max-width: 702px) 100vw, 702px\" \/><\/a><p id=\"caption-attachment-51141\" class=\"wp-caption-text\">Photo by Svend-Andersen.<\/p><\/div>\n<p><em>Andr\u00e9 &amp;\u00a0Dorine<\/em> is artistic interpretation of the highest order. Everything about it is perfection; the writing, staging, direction, music, costumes, set, and, most of all, the three performances.<\/p>\n<p><em>Andr\u00e9 &amp;\u00a0Dorine<\/em> is equal parts brilliance, pain, and charm.<\/p>\n<p>\u201cBrilliance\u201d because the show is performed by just three actors, (Jos\u00e9 Dault, Garbi\u00f1e Insausti, and Edu C\u00e1rcamo,) playing a dozen or so characters, conveying every emotion and nuance while wearing giant non-moving papier-m\u00e2ch\u00e9 <em>heads<\/em>! Which means the audience understands every single second of the ninety minutes from just the actors&#8217; <em>body movements<\/em>! It&#8217;s entirely mesmerizing.<\/p>\n<p>And it&#8217;s all<em> pure<\/em> movement; not dance nor mime nor even facial expressions; it&#8217;s somewhat akin to human marionettes. (They <em>do<\/em> use an\u00a0<em>actual<\/em>\u00a0puppet for one adorable scene.) And even with no words nor moving visages, we know exactly what each of the dozen or so characters are thinking at all times.<\/p>\n<div id=\"attachment_51137\" style=\"width: 712px\" class=\"wp-caption alignleft\"><a href=\"https:\/\/itsnotaboutme.tv\/news\/wp-content\/uploads\/2022\/06\/Andr\u00e9-Dorine_3.jpg\"><img loading=\"lazy\" decoding=\"async\" aria-describedby=\"caption-attachment-51137\" class=\"size-large wp-image-51137\" src=\"https:\/\/itsnotaboutme.tv\/news\/wp-content\/uploads\/2022\/06\/Andr\u00e9-Dorine_3-1024x750.jpg\" alt=\"Photo by Gonzalo Jerez and Manuel D., as is the one at the top of this review.\" width=\"702\" height=\"514\" srcset=\"https:\/\/itsnotaboutme.tv\/news\/wp-content\/uploads\/2022\/06\/Andr\u00e9-Dorine_3-1024x750.jpg 1024w, https:\/\/itsnotaboutme.tv\/news\/wp-content\/uploads\/2022\/06\/Andr\u00e9-Dorine_3-300x219.jpg 300w, https:\/\/itsnotaboutme.tv\/news\/wp-content\/uploads\/2022\/06\/Andr\u00e9-Dorine_3.jpg 2000w\" sizes=\"auto, (max-width: 702px) 100vw, 702px\" \/><\/a><p id=\"caption-attachment-51137\" class=\"wp-caption-text\">Photo by Gonzalo Jerez and Manuel D., as is the one at the top of this review.<\/p><\/div>\n<p>My friend, Laura, who had never seen it before, was floored by everything about <em>Andr\u00e9 &amp;\u00a0Dorine<\/em>. She kept saying it was \u201camazing,\u201d which it truly is.<\/p>\n<p>On top of all that acting talent by the trio, they also co-wrote the piece along with Rolando San Mart\u00edn and the director, I\u00f1aki Rikarte. And Garbine is the creator of all the masks, which are basically giant heads that don\u2019t move or change, but somehow give expression. They&#8217;re a major part of the brilliance.<\/p>\n<div id=\"attachment_51134\" style=\"width: 210px\" class=\"wp-caption alignleft\"><a href=\"https:\/\/itsnotaboutme.tv\/news\/wp-content\/uploads\/2022\/06\/ANDRE-DORINE__1613-PHOTO-BY-SVEND-ANDERSEN-1024x1536.jpg\"><img loading=\"lazy\" decoding=\"async\" aria-describedby=\"caption-attachment-51134\" class=\"size-medium wp-image-51134\" src=\"https:\/\/itsnotaboutme.tv\/news\/wp-content\/uploads\/2022\/06\/ANDRE-DORINE__1613-PHOTO-BY-SVEND-ANDERSEN-1024x1536-200x300.jpg\" alt=\"My favorite moment of Andr\u00e9 &amp; Dorine; I cried my guts out from the tenderness. Photo by Svend-Andersen.\" width=\"200\" height=\"300\" srcset=\"https:\/\/itsnotaboutme.tv\/news\/wp-content\/uploads\/2022\/06\/ANDRE-DORINE__1613-PHOTO-BY-SVEND-ANDERSEN-1024x1536-200x300.jpg 200w, https:\/\/itsnotaboutme.tv\/news\/wp-content\/uploads\/2022\/06\/ANDRE-DORINE__1613-PHOTO-BY-SVEND-ANDERSEN-1024x1536-682x1024.jpg 682w, https:\/\/itsnotaboutme.tv\/news\/wp-content\/uploads\/2022\/06\/ANDRE-DORINE__1613-PHOTO-BY-SVEND-ANDERSEN-1024x1536.jpg 1024w\" sizes=\"auto, (max-width: 200px) 100vw, 200px\" \/><\/a><p id=\"caption-attachment-51134\" class=\"wp-caption-text\">My favorite moment of Andr\u00e9 &amp; Dorine; I cried my guts out from the tenderness. Photo by Svend-Andersen.<\/p><\/div>\n<p>The\u00a0\u201cpain\u201d is due to the subject matter\u2014a few minutes into the narrative, we find-out that Dorine has Alzheimer\u2019s. But while that&#8217;s an utterly depressing topic, the show portrays the situation so tenderly. And, since the couple\u2019s relationship is told in flashbacks throughout the play, the audience never has time to dwell on the sadness until near the end. (And no worries\u2014the final scene is really a \u201ccircle of life\u201d one, so the audience leaves amazed and touched rather than down.)<\/p>\n<p>Despite the heavy subject, the \u201ccharm\u201d runs throughout. They make very clever use of music and sounds. Actually, <em>everything<\/em> about <em>Andr\u00e9 &amp;\u00a0Dorine<\/em> is <em>beyond<\/em> clever! It features one surprise after another. And there&#8217;s soooo much humor, done perfectly.<\/p>\n<p>There&#8217;s one interesting situation that I found with the passage of the seven years between my viewings of the show. The Alzheimer&#8217;s theme got to me even more than it did the last time, which I&#8217;m thinking might be because I&#8217;m seven years older now, so nearer to the characters&#8217; ages, which made it hit home a bit more. The creative team began their journey with the piece over a <em>dozen<\/em> years ago, so I wonder if it seems any different to<em> them<\/em>, as well, these many years on. And on<em> that<\/em> note, how did ones so young come up with it back then, when they were all in their late twenties or so? <em>That&#8217;s<\/em> as mind-blowing to me as the show itself is!<\/p>\n<div id=\"attachment_51140\" style=\"width: 712px\" class=\"wp-caption alignleft\"><a href=\"https:\/\/itsnotaboutme.tv\/news\/wp-content\/uploads\/2022\/06\/andre-dorine_1036-photo-by-svend-andersen2.jpg\"><img loading=\"lazy\" decoding=\"async\" aria-describedby=\"caption-attachment-51140\" class=\"size-large wp-image-51140\" src=\"https:\/\/itsnotaboutme.tv\/news\/wp-content\/uploads\/2022\/06\/andre-dorine_1036-photo-by-svend-andersen2-1024x682.jpg\" alt=\"One of the very happy moments of Andr\u00e9 &amp; Dorine.  Photo by Svend-Andersen.\" width=\"702\" height=\"467\" srcset=\"https:\/\/itsnotaboutme.tv\/news\/wp-content\/uploads\/2022\/06\/andre-dorine_1036-photo-by-svend-andersen2-1024x682.jpg 1024w, https:\/\/itsnotaboutme.tv\/news\/wp-content\/uploads\/2022\/06\/andre-dorine_1036-photo-by-svend-andersen2-300x200.jpg 300w\" sizes=\"auto, (max-width: 702px) 100vw, 702px\" \/><\/a><p id=\"caption-attachment-51140\" class=\"wp-caption-text\">One of the very happy moments of Andr\u00e9 &amp; Dorine. Photo by Svend-Andersen.<\/p><\/div>\n<p>When I met the actors back in 2015, they spoke little English. But between <em>my<\/em> broken Spanish and my friend&#8217;s <em>fluency<\/em> in the language, we managed to have a really fun convo with the cast. And then, this past Sunday, when I got very lost on the way to the restroom in that cavernous venue, I bumped into Edu C\u00e1rcamo by chance, and&#8230;he spoke English perfectly! So perhaps they&#8217;ve all had a lot of English lessons in the space of these seven years. I wish I could have stayed afterwards<em> this<\/em> time to chat with them again to find-out <em>that<\/em> story.<\/p>\n<p>As I advised in my previous review of the show lo those seven years ago, if you have even a <em>semblance<\/em> of a soul, rush right out to LATC and witness <em>Andr\u00e9 &amp;\u00a0Dorine<\/em>.\u00a0 Just bring a box of tissues as giant as the characters\u2019 heads.<\/p>\n<p><strong><em>Andr\u00e9 &amp;\u00a0Dorine<\/em>\u00a0running through June 19, 2022<\/strong><br \/>\n<strong> Los Angeles Theatre Center\u2013Theatre 2<\/strong><br \/>\n<strong> 514 S. Spring Street, Los Angeles\u00a0 866-811-4111\u00a0<a href=\"http:\/\/www.thelatc.org\">www.thelatc.org<\/a><\/strong><\/p>\n<p><strong>I heavily suggest you also go to the website of the show itself because the pictures of what we <em>don&#8217;t<\/em> see in the production are revelatory! <a href=\"http:\/\/www.andreanddorinetour.com\">www.andreanddorinetour.com<\/a><\/strong><\/p>\n","protected":false},"excerpt":{"rendered":"<p>ANDR\u00c9 &amp; DORINE I first saw the award-winning international hit play from Spain&#8217;s Kulunka Teatro, Andr\u00e9 &amp;\u00a0Dorine, seven years ago, and declared it to be one of the best theatrical presentations I&#8217;ve ever seen. Upon the second viewing this past week-end, that assessment still stands. So I&#8217;m thrilled that my fellow Angelenos are getting this<\/p>\n<div class=\"read-more\"><a href=\"https:\/\/itsnotaboutme.tv\/news\/theatre-andre-dorine\/\" title=\"Read More\">Read More<\/a><\/div>\n","protected":false},"author":1,"featured_media":51136,"comment_status":"open","ping_status":"open","sticky":false,"template":"","format":"standard","meta":{"footnotes":""},"categories":[33],"tags":[],"class_list":["post-51143","post","type-post","status-publish","format-standard","has-post-thumbnail","category-from-theater-to-events-to-the-circus"],"_links":{"self":[{"href":"https:\/\/itsnotaboutme.tv\/news\/wp-json\/wp\/v2\/posts\/51143","targetHints":{"allow":["GET"]}}],"collection":[{"href":"https:\/\/itsnotaboutme.tv\/news\/wp-json\/wp\/v2\/posts"}],"about":[{"href":"https:\/\/itsnotaboutme.tv\/news\/wp-json\/wp\/v2\/types\/post"}],"author":[{"embeddable":true,"href":"https:\/\/itsnotaboutme.tv\/news\/wp-json\/wp\/v2\/users\/1"}],"replies":[{"embeddable":true,"href":"https:\/\/itsnotaboutme.tv\/news\/wp-json\/wp\/v2\/comments?post=51143"}],"version-history":[{"count":13,"href":"https:\/\/itsnotaboutme.tv\/news\/wp-json\/wp\/v2\/posts\/51143\/revisions"}],"predecessor-version":[{"id":51156,"href":"https:\/\/itsnotaboutme.tv\/news\/wp-json\/wp\/v2\/posts\/51143\/revisions\/51156"}],"wp:featuredmedia":[{"embeddable":true,"href":"https:\/\/itsnotaboutme.tv\/news\/wp-json\/wp\/v2\/media\/51136"}],"wp:attachment":[{"href":"https:\/\/itsnotaboutme.tv\/news\/wp-json\/wp\/v2\/media?parent=51143"}],"wp:term":[{"taxonomy":"category","embeddable":true,"href":"https:\/\/itsnotaboutme.tv\/news\/wp-json\/wp\/v2\/categories?post=51143"},{"taxonomy":"post_tag","embeddable":true,"href":"https:\/\/itsnotaboutme.tv\/news\/wp-json\/wp\/v2\/tags?post=51143"}],"curies":[{"name":"wp","href":"https:\/\/api.w.org\/{rel}","templated":true}]}}