{"id":24513,"date":"2016-09-14T18:21:29","date_gmt":"2016-09-14T18:21:29","guid":{"rendered":"http:\/\/itsnotaboutme.tv\/news\/?p=24513"},"modified":"2016-09-14T18:21:29","modified_gmt":"2016-09-14T18:21:29","slug":"theatre-the-fantasticks","status":"publish","type":"post","link":"https:\/\/itsnotaboutme.tv\/news\/theatre-the-fantasticks\/","title":{"rendered":"THEATRE: THE FANTASTICKS"},"content":{"rendered":"<h1>THE FANTASTICKS<\/h1>\n<p>Growing-up in New York, my parents took me to more shows than most people see in their entire lifetimes.\u00a0 They were both beloved high school teachers, and many of their students stayed in touch with them through life.\u00a0 So, when one of their highly successful alumni was involved with a professional production of <em>The Fantasticks<\/em>, (I think it was the off-Broadway one, but I was so young that I can\u2019t say for sure now,) of course we saw it.\u00a0 (Since it ran in New York for<em> forty-two years<\/em>, how could we <em>not<\/em> have seen it?!)\u00a0 I had no idea what was going on onstage, but I loved the music.<\/p>\n<p>I don\u2019t know if I was just too young to understand it, or if, for some reason, since what seems like such a simple story gets pretty complicated along the way, I just lost focus. But all I remembered about it after all these years is the song <em>Try To Remember<\/em>, and that there was a scary male character in it.\u00a0 So, after all these decades, I was happy to get another chance to see this iconic musical again, this time at the Pasadena Playhouse.<\/p>\n<p>And I finally got it!\u00a0 And I wasn\u2019t scared this time!\u00a0 (But now I <em>do<\/em> know what freaked me out a bit back then. More on that down the line.)<\/p>\n<div id=\"attachment_24521\" style=\"width: 310px\" class=\"wp-caption alignleft\"><a href=\"http:\/\/itsnotaboutme.tv\/news\/wp-content\/uploads\/2016\/09\/JIM_6057-1200-e1473811548269.jpg\"><img loading=\"lazy\" decoding=\"async\" aria-describedby=\"caption-attachment-24521\" class=\"size-medium wp-image-24521\" src=\"http:\/\/itsnotaboutme.tv\/news\/wp-content\/uploads\/2016\/09\/JIM_6057-1200-e1473811548269-300x210.jpg\" alt=\"Regi Davis, Gedde Watanabe, and Philip Anthony-Rodriguez. Photo by Jim Cox.\" width=\"300\" height=\"210\" srcset=\"https:\/\/itsnotaboutme.tv\/news\/wp-content\/uploads\/2016\/09\/JIM_6057-1200-e1473811548269-300x210.jpg 300w, https:\/\/itsnotaboutme.tv\/news\/wp-content\/uploads\/2016\/09\/JIM_6057-1200-e1473811548269.jpg 990w\" sizes=\"auto, (max-width: 300px) 100vw, 300px\" \/><\/a><p id=\"caption-attachment-24521\" class=\"wp-caption-text\">Regi Davis, Gedde Watanabe, and Philip Anthony-Rodriguez. Photo by Jim Cox.<\/p><\/div>\n<p>The entire show is enjoyable, and often delightful and charming, especially where the two father characters are concerned, (as portrayed wonderfully by Gedde Watanabe and Regi Davis.)\u00a0 But I\u2019ll tell you right now that my favorite part was hearing Philip Anthony-Rodriguez (as the main dude, El Gallo) sing.\u00a0 His delivery is so beautiful and natural, with no pushing or vocal gymnastics.\u00a0 He sings the classic <em>Try To Remember<\/em> right at the start, and, I swear, I would have been happy to just listen to him sing for the next two hours.\u00a0 (I was also grateful that the musical begins with that song so I didn\u2019t have to be anxious on opening night, waiting to hear it the whole time!)\u00a0 Philip\u2019s presence is majestic. I can just see him playing the king in <em>The King and I<\/em> at some point in his career, although, since he can <em>really<\/em> sing, that may let him out. (It\u2019s more of a sing-<em>talking<\/em> role. Which means<em> I<\/em> can do it!)<\/p>\n<p>I was surprised to see that <em>The Fantasticks<\/em> seems pretty modern, not like it was written the zillion years ago that it was.\u00a0 (It opened in New York in 1960, but was written even earlier than that!) But it turns-out that the director here Seema Sueko, along with the original writer, Tom Jones, (not the famous sexy singer, of course,) did a few updates to the story and lyrics. I just wish they had edited-out the word \u201crape\u201d from one song. Hopefully that will be done in the next production of it, which there always is around the world! (In case you didn\u2019t guess, that&#8217;s the part that scared me back in the day. Duh. But it wasn\u2019t even really a rape, thank goodness. It turns-out, that\u2019s a very old use of the word, meaning \u201cabduction.\u201d And the use of it in the show has been controversial from the get-go. But it\u2019s still hard to be belly-laughing as an audience member one minute, and then cringing from the concept of \u201crape\u201d the next.)<\/p>\n<div id=\"attachment_24518\" style=\"width: 310px\" class=\"wp-caption alignleft\"><a href=\"http:\/\/itsnotaboutme.tv\/news\/wp-content\/uploads\/2016\/09\/JIM_6536-1200.jpg\"><img loading=\"lazy\" decoding=\"async\" aria-describedby=\"caption-attachment-24518\" class=\"size-medium wp-image-24518\" src=\"http:\/\/itsnotaboutme.tv\/news\/wp-content\/uploads\/2016\/09\/JIM_6536-1200-300x200.jpg\" alt=\"Conor Guzm\u00e1n, Ashley Park, Regi Davis, and Gedde Watanabe. Photo by Jim Cox.\" width=\"300\" height=\"200\" srcset=\"https:\/\/itsnotaboutme.tv\/news\/wp-content\/uploads\/2016\/09\/JIM_6536-1200-300x200.jpg 300w, https:\/\/itsnotaboutme.tv\/news\/wp-content\/uploads\/2016\/09\/JIM_6536-1200-1024x684.jpg 1024w, https:\/\/itsnotaboutme.tv\/news\/wp-content\/uploads\/2016\/09\/JIM_6536-1200.jpg 1200w\" sizes=\"auto, (max-width: 300px) 100vw, 300px\" \/><\/a><p id=\"caption-attachment-24518\" class=\"wp-caption-text\">Conor Guzm\u00e1n, Ashley Park, Regi Davis, and Gedde Watanabe. Photo by Jim Cox.<\/p><\/div>\n<p>Another possible reason for the modern feel might be the diverse casting. Since you sort-of have to suspend belief for the entire premise of the show, anyway, it should not matter to anyone that the two families are made up of multiple ethnicities, which I\u2019m sure was not the case in the original production. All that matters is that every single actor gives it their all, and can sing well and be funny. And serious, when necessary.<\/p>\n<p>So, before I tell you more about<em> this<\/em> production of the musical, here\u2019s a bit of background on the story itself, (for those of you who don\u2019t spend the hours on research that<em> I<\/em> do!) Something I never knew about <em>The Fantasticks<\/em> is that it\u2019s based on a \u201cburlesque,\u201d titled\u00a0<em>Les Romanesques<\/em>, which was written by Edmond Rostand, (of <em>Cyrano de Bergerac<\/em> fame,) and\u00a0was produced in 1894 at the Th\u00e9\u00e2tre Fran\u00e7ais. Wow! So, I\u2019m even more amazed that this story holds-up so well than I was just seeing it! (And many of the lines are timeless.\u00a0 I especially loved, \u201cThat most stringent teacher\u2014time,\u201d and that the nineteen-year-old boy says of his sixteen-year-old girlfriend, \u201cShe makes me young again.\u201d Great!)<\/p>\n<p>I&#8217;m sure others have, and still will, analyze the show to death.\u00a0 But, even though several of the images in it are disturbing, I&#8217;m just taking it at entertainment value.\u00a0 And that it has.\u00a0 In spades.<\/p>\n<p>Even though, as I said, Philip Anthony-Rodriguez (with his beautiful blue eyes,) was my favorite, each actor did his or her part perfectly. For example, I knew right away that Alyse Rockett, (as The Mute, so of course she has no lines,) is a dancer, even though that was not what the role was. So, for once, I have no complaints in the acting department. (Isn\u2019t <em>that<\/em> refreshing?!)<\/p>\n<div id=\"attachment_24520\" style=\"width: 293px\" class=\"wp-caption alignleft\"><a href=\"http:\/\/itsnotaboutme.tv\/news\/wp-content\/uploads\/2016\/09\/JIM_7469-CROP-1200-e1473811630695.jpg\"><img loading=\"lazy\" decoding=\"async\" aria-describedby=\"caption-attachment-24520\" class=\"size-medium wp-image-24520\" src=\"http:\/\/itsnotaboutme.tv\/news\/wp-content\/uploads\/2016\/09\/JIM_7469-CROP-1200-e1473811630695-283x300.jpg\" alt=\"Hal Linden and Amir Talai. Photo by Jim Cox.\" width=\"283\" height=\"300\" srcset=\"https:\/\/itsnotaboutme.tv\/news\/wp-content\/uploads\/2016\/09\/JIM_7469-CROP-1200-e1473811630695-283x300.jpg 283w, https:\/\/itsnotaboutme.tv\/news\/wp-content\/uploads\/2016\/09\/JIM_7469-CROP-1200-e1473811630695-967x1024.jpg 967w, https:\/\/itsnotaboutme.tv\/news\/wp-content\/uploads\/2016\/09\/JIM_7469-CROP-1200-e1473811630695.jpg 1071w\" sizes=\"auto, (max-width: 283px) 100vw, 283px\" \/><\/a><p id=\"caption-attachment-24520\" class=\"wp-caption-text\">Hal Linden and Amir Talai. Photo by Jim Cox.<\/p><\/div>\n<p>And just when the energy of the first act begins to wane a bit, the marvelous Hal Linden, as \u201cthe\u00a0 actor,\u201d and Amir Talai as his sidekick, show-up to give it a much-needed shot of adrenaline. I didn\u2019t even remember those characters, at all, from the first time I saw it, so they were a very pleasant surprise. And both were a laugh riot.<\/p>\n<p>And the music, of course, is fabulous! It was wonderful to hear those famous-though-seldom-sung songs, like\u00a0<em>Soon It\u2019s Gonna Rain <\/em>and<em> Much More<\/em>, performed so beautifully. (But now I can&#8217;t stop singing them all day and night! \u00a0It gets annoying, especially to Mr. X!) And they were all accompanied by just David O on piano, with an occasional lovely assist from harpist Liesl Erman. Who needs an orchestra when you have this time-honored Harvey Schmidt\/Tom Jones-composed score?!<\/p>\n<div id=\"attachment_24519\" style=\"width: 197px\" class=\"wp-caption alignleft\"><a href=\"http:\/\/itsnotaboutme.tv\/news\/wp-content\/uploads\/2016\/09\/JIM_7338-1200-e1473811752726.jpg\"><img loading=\"lazy\" decoding=\"async\" aria-describedby=\"caption-attachment-24519\" class=\"size-medium wp-image-24519\" src=\"http:\/\/itsnotaboutme.tv\/news\/wp-content\/uploads\/2016\/09\/JIM_7338-1200-e1473811752726-187x300.jpg\" alt=\"Ashley Park, Alyse Rockett, and Conor Guzm\u00e1n. Photo by Jim Cox.\" width=\"187\" height=\"300\" srcset=\"https:\/\/itsnotaboutme.tv\/news\/wp-content\/uploads\/2016\/09\/JIM_7338-1200-e1473811752726-187x300.jpg 187w, https:\/\/itsnotaboutme.tv\/news\/wp-content\/uploads\/2016\/09\/JIM_7338-1200-e1473811752726-639x1024.jpg 639w, https:\/\/itsnotaboutme.tv\/news\/wp-content\/uploads\/2016\/09\/JIM_7338-1200-e1473811752726.jpg 772w\" sizes=\"auto, (max-width: 187px) 100vw, 187px\" \/><\/a><p id=\"caption-attachment-24519\" class=\"wp-caption-text\">Ashley Park, Alyse Rockett, and Conor Guzm\u00e1n. Photo by Jim Cox.<\/p><\/div>\n<p>Even though I still don\u2019t understand the complicated set, I didn\u2019t let it bother me. (I think it\u2019s supposed to be that a group of actors break into an abandoned theatre, which this very Playhouse was from 1969-1985(!) and put on a play. But for whom? They sometimes talk to the audience, so then that would negate that it\u2019s abandoned. Oh well. No need to use real brain power on it, though; just go with the flow.) \u00a0And, outside of the all-gray hip-hop-type outfit on The Mute, I was not a fan of\u00a0the wardrobe, which didn&#8217;t fit even one actor very well. But that\u2019s another oh well. It does not ruin the enjoyment of the show in the least. I\u2019m just noting it here, in case you think the same when you see it, so you know you\u2019re not alone.<\/p>\n<p>But <em>The Fantasticks<\/em> is a fantastic night of entertainment! (Sorry\u2014I just could not help myself!) I can&#8217;t imagine <em>anyone<\/em> not enjoying it.<\/p>\n<div id=\"attachment_24531\" style=\"width: 229px\" class=\"wp-caption alignleft\"><a href=\"http:\/\/itsnotaboutme.tv\/news\/wp-content\/uploads\/2016\/09\/rsz_img_8295-e1473811966288.jpg\"><img loading=\"lazy\" decoding=\"async\" aria-describedby=\"caption-attachment-24531\" class=\"size-medium wp-image-24531\" src=\"http:\/\/itsnotaboutme.tv\/news\/wp-content\/uploads\/2016\/09\/rsz_img_8295-e1473811966288-219x300.jpg\" alt=\"Photo by Karen Salkin.\" width=\"219\" height=\"300\" srcset=\"https:\/\/itsnotaboutme.tv\/news\/wp-content\/uploads\/2016\/09\/rsz_img_8295-e1473811966288-219x300.jpg 219w, https:\/\/itsnotaboutme.tv\/news\/wp-content\/uploads\/2016\/09\/rsz_img_8295-e1473811966288-747x1024.jpg 747w, https:\/\/itsnotaboutme.tv\/news\/wp-content\/uploads\/2016\/09\/rsz_img_8295-e1473811966288.jpg 983w\" sizes=\"auto, (max-width: 219px) 100vw, 219px\" \/><\/a><p id=\"caption-attachment-24531\" class=\"wp-caption-text\">Photo by Karen Salkin.<\/p><\/div>\n<p>One of the perks I love about the Pasadena Playhouse is the little \u201cmuseum\u201d room off to one side of the courtyard. (Its actual moniker is the Georgia T. McClay Friendship Center.) It always has an exhibit to go along with whichever show is running at the time. So, this one was all about the loooong history of <em>The Fantasticks<\/em>, and also about love, (which is considered to be the theme of the show.) There\u2019s an area where guests are asked to write something about love on the papers provided, and then leave them in\u00a0an\u00a0antique train case, (which made my mouth water, of course.) I guess they\u2019re supposed to be anonymous, but I\u2019ll tell you what I wrote, which I still don\u2019t know how it occurred to me at that moment.<\/p>\n<p>It\u2019s from Kahlil Gibran\u2019s<em> The Prophet<\/em>, which is, to me, the greatest book ever written. In it, the Prophet speaks on many topics, and part of what he has to say On Love has stuck with me since I was a teen-ager. Describing love as \u201ca seasonless world,\u201d he says <em>without<\/em> love, \u201c&#8230;you shall laugh, but not all of your laughter, and weep, but not all of your tears.\u201d That is so true in my experience with Mr. X, (although I would have rathered never experience the \u201call of your tears\u201d part,) that I just had to share it.<\/p>\n<p>Speaking of sharing, go share this Pasadena Playhouse version of <em>The Fantasticks<\/em> with a fun\u00a0someone\u00a0right now, while you can! I doubt the next worldwide production of it will be as good as this one!<\/p>\n<p><strong><em>The Fantasticks<\/em> running through October 2, 2016<\/strong><br \/>\n<strong> Pasadena Playhouse 39 South El Molino Ave. Pasadena 626-356-7529 <a href=\"http:\/\/www.PasadenaPlayhouse.org\">www.PasadenaPlayhouse.org<\/a><\/strong><\/p>\n","protected":false},"excerpt":{"rendered":"<p>THE FANTASTICKS Growing-up in New York, my parents took me to more shows than most people see in their entire lifetimes.\u00a0 They were both beloved high school teachers, and many of their students stayed in touch with them through life.\u00a0 So, when one of their highly successful alumni was involved with a professional production of<\/p>\n<div class=\"read-more\"><a href=\"https:\/\/itsnotaboutme.tv\/news\/theatre-the-fantasticks\/\" title=\"Read More\">Read More<\/a><\/div>\n","protected":false},"author":1,"featured_media":24524,"comment_status":"open","ping_status":"open","sticky":false,"template":"","format":"standard","meta":{"footnotes":""},"categories":[33],"tags":[],"class_list":["post-24513","post","type-post","status-publish","format-standard","has-post-thumbnail","category-from-theater-to-events-to-the-circus"],"_links":{"self":[{"href":"https:\/\/itsnotaboutme.tv\/news\/wp-json\/wp\/v2\/posts\/24513","targetHints":{"allow":["GET"]}}],"collection":[{"href":"https:\/\/itsnotaboutme.tv\/news\/wp-json\/wp\/v2\/posts"}],"about":[{"href":"https:\/\/itsnotaboutme.tv\/news\/wp-json\/wp\/v2\/types\/post"}],"author":[{"embeddable":true,"href":"https:\/\/itsnotaboutme.tv\/news\/wp-json\/wp\/v2\/users\/1"}],"replies":[{"embeddable":true,"href":"https:\/\/itsnotaboutme.tv\/news\/wp-json\/wp\/v2\/comments?post=24513"}],"version-history":[{"count":18,"href":"https:\/\/itsnotaboutme.tv\/news\/wp-json\/wp\/v2\/posts\/24513\/revisions"}],"predecessor-version":[{"id":24546,"href":"https:\/\/itsnotaboutme.tv\/news\/wp-json\/wp\/v2\/posts\/24513\/revisions\/24546"}],"wp:featuredmedia":[{"embeddable":true,"href":"https:\/\/itsnotaboutme.tv\/news\/wp-json\/wp\/v2\/media\/24524"}],"wp:attachment":[{"href":"https:\/\/itsnotaboutme.tv\/news\/wp-json\/wp\/v2\/media?parent=24513"}],"wp:term":[{"taxonomy":"category","embeddable":true,"href":"https:\/\/itsnotaboutme.tv\/news\/wp-json\/wp\/v2\/categories?post=24513"},{"taxonomy":"post_tag","embeddable":true,"href":"https:\/\/itsnotaboutme.tv\/news\/wp-json\/wp\/v2\/tags?post=24513"}],"curies":[{"name":"wp","href":"https:\/\/api.w.org\/{rel}","templated":true}]}}